{"id":512,"date":"2025-04-11T21:59:09","date_gmt":"2025-04-11T18:59:09","guid":{"rendered":"https:\/\/www.villeollikainen.fi\/?p=512"},"modified":"2025-04-11T21:59:09","modified_gmt":"2025-04-11T18:59:09","slug":"kasvun-puolesta","status":"publish","type":"post","link":"http:\/\/www.villeollikainen.fi\/index.php\/2025\/04\/11\/kasvun-puolesta\/","title":{"rendered":"Kasvun puolesta!"},"content":{"rendered":"\n<p class=\"has-white-color has-text-color has-background has-link-color wp-elements-5c6d25c214a0b3dbcd65db73209a11bb\" style=\"background-color:#0071a1\">Vihti tarvitsee verotuloja, mutta veroja ei pid\u00e4 nostaa. Ratkaisuna on, ett\u00e4 veronmaksajia pit\u00e4\u00e4 saada lis\u00e4\u00e4. Yrityksi\u00e4 pit\u00e4\u00e4 saada lis\u00e4\u00e4. Mutta hallittua kasvun pit\u00e4\u00e4 olla. Pit\u00e4\u00e4 olla strategia.<\/p>\n\n\n\n<p class=\"has-white-color has-text-color has-background has-link-color wp-elements-add7550ca9464e7ada7f140bb4104900\" style=\"background-color:#0071a1\">Noniin, &#8221;kunnallahan on strategia&#8221;, sanotaan &#8211; etk\u00f6s Ville ole lukenut? On kyll\u00e4, esimerkiksi kuntastrategia 2022-2025. Se l\u00f6ytyy <a href=\"https:\/\/www.vihti.fi\/kuntana\/kuntastrategia-2022-2025\/\">t\u00e4\u00e4lt\u00e4<\/a>, ja olen sen tavoitteista t\u00e4sm\u00e4lleen samaa mielt\u00e4.<\/p>\n\n\n\n<p class=\"has-white-color has-text-color has-background has-link-color wp-elements-ed74b33bb23527f85289af909778e089\" style=\"background-color:#0071a1\">Mutta: &#8221;strategiassa&#8221; todetaan: &#8221;Tuore kuntastrategia on ohjenuoramme seuraavalle<br><strong><em>nelivuotiskaudelle, jonka aikana<\/em><\/strong> rakennamme kunnastamme<br>hyvinvoivan yhteis\u00f6n p\u00e4\u00e4kaupunkiseudun kupeeseen &#8211;<br>houkuttelevan ja helposti saavutettavan.&#8221;<\/p>\n\n\n\n<p class=\"has-white-color has-text-color has-background has-link-color wp-elements-844ff49756847231227169bd441aceb3\" style=\"background-color:#0071a1\">Siis nelivuotiskauden aikana?? Nelj\u00e4ss\u00e4 vuodessa ei paljoa tapahdu. Niinp\u00e4 ei ihme, ett\u00e4 toteuttavalla tasolla strategioihin suhtaudutaan kuin joulupukkiin. Juhlapuheisiinhan sellainen soveltuu. Yritykset kyll\u00e4 tekev\u00e4t strategioita t\u00e4ll\u00e4 aikataululla, mutta ne el\u00e4v\u00e4tkin kovin volatiilissa ymp\u00e4rist\u00f6ss\u00e4 &#8211; toisin kuin kunnat.<\/p>\n\n\n\n<p class=\"has-white-color has-text-color has-background has-link-color wp-elements-79be50433c7bfd7cdb02238356cd5312\" style=\"background-color:#0071a1\">Vakaassa ymp\u00e4rist\u00f6ss\u00e4 pit\u00e4\u00e4 katsoa kauemmas! Kehitys pit\u00e4\u00e4 aikatauluttaa. Realismia tarvitaan, mit\u00e4 mill\u00e4kin aikaj\u00e4nteell\u00e4 voi toteuttaa &#8211; ja sitten my\u00f6s <strong>toteuttaa se<\/strong>. Vihti tarvitsee pitk\u00e4aikaisen vision, jopa puolen vuosisadan p\u00e4\u00e4h\u00e4n, ja keinot sen toteuttamiseen. <em>T\u00e4m\u00e4 ihan tosissani&#8230; vaikken mit\u00e4 varmimmin ole lopputulosta en\u00e4\u00e4 puolen vuosisadan p\u00e4\u00e4st\u00e4 katsomassa<\/em>.<\/p>\n\n\n\n<p><\/p>\n","protected":false},"excerpt":{"rendered":"<p>Vihti tarvitsee verotuloja, mutta veroja ei pid\u00e4 nostaa. Ratkaisuna on, ett\u00e4 veronmaksajia pit\u00e4\u00e4 saada lis\u00e4\u00e4. Yrityksi\u00e4 pit\u00e4\u00e4 saada lis\u00e4\u00e4. Mutta hallittua kasvun pit\u00e4\u00e4 olla. Pit\u00e4\u00e4 olla strategia. Noniin, &#8221;kunnallahan on<\/p>\n<p class=\"more-link\"><a href=\"http:\/\/www.villeollikainen.fi\/index.php\/2025\/04\/11\/kasvun-puolesta\/\" class=\"readmore\">Lue lis\u00e4\u00e4&#8230;<svg class=\"icon icon-arrow-right\" aria-hidden=\"true\" role=\"img\"> <use href=\"#icon-arrow-right\" xlink:href=\"#icon-arrow-right\"><\/use> <\/svg><span class=\"screen-reader-text\">Kasvun puolesta!<\/span><\/a><\/p>\n","protected":false},"author":1,"featured_media":537,"comment_status":"open","ping_status":"open","sticky":false,"template":"","format":"standard","meta":{"footnotes":""},"categories":[11],"tags":[],"class_list":["post-512","post","type-post","status-publish","format-standard","has-post-thumbnail","hentry","category-ajatuksia"],"_links":{"self":[{"href":"http:\/\/www.villeollikainen.fi\/index.php\/wp-json\/wp\/v2\/posts\/512","targetHints":{"allow":["GET"]}}],"collection":[{"href":"http:\/\/www.villeollikainen.fi\/index.php\/wp-json\/wp\/v2\/posts"}],"about":[{"href":"http:\/\/www.villeollikainen.fi\/index.php\/wp-json\/wp\/v2\/types\/post"}],"author":[{"embeddable":true,"href":"http:\/\/www.villeollikainen.fi\/index.php\/wp-json\/wp\/v2\/users\/1"}],"replies":[{"embeddable":true,"href":"http:\/\/www.villeollikainen.fi\/index.php\/wp-json\/wp\/v2\/comments?post=512"}],"version-history":[{"count":7,"href":"http:\/\/www.villeollikainen.fi\/index.php\/wp-json\/wp\/v2\/posts\/512\/revisions"}],"predecessor-version":[{"id":527,"href":"http:\/\/www.villeollikainen.fi\/index.php\/wp-json\/wp\/v2\/posts\/512\/revisions\/527"}],"wp:featuredmedia":[{"embeddable":true,"href":"http:\/\/www.villeollikainen.fi\/index.php\/wp-json\/wp\/v2\/media\/537"}],"wp:attachment":[{"href":"http:\/\/www.villeollikainen.fi\/index.php\/wp-json\/wp\/v2\/media?parent=512"}],"wp:term":[{"taxonomy":"category","embeddable":true,"href":"http:\/\/www.villeollikainen.fi\/index.php\/wp-json\/wp\/v2\/categories?post=512"},{"taxonomy":"post_tag","embeddable":true,"href":"http:\/\/www.villeollikainen.fi\/index.php\/wp-json\/wp\/v2\/tags?post=512"}],"curies":[{"name":"wp","href":"https:\/\/api.w.org\/{rel}","templated":true}]}}