{"id":201,"date":"2025-03-18T23:19:00","date_gmt":"2025-03-18T20:19:00","guid":{"rendered":"http:\/\/www.villeollikainen.fi\/?p=201"},"modified":"2025-03-26T23:50:59","modified_gmt":"2025-03-26T20:50:59","slug":"ovelia-kysymyksia","status":"publish","type":"post","link":"http:\/\/www.villeollikainen.fi\/index.php\/2025\/03\/18\/ovelia-kysymyksia\/","title":{"rendered":"Ovelia kysymyksi\u00e4"},"content":{"rendered":"\n<p class=\"has-light-gray-color has-text-color has-background\" style=\"background-color:#0071a1\"><strong>Vastaaminen ei ole aina helppoa mutta joskus on. Otteita muutamista vaalikoneista:<\/strong><\/p>\n\n\n\n<p class=\"has-white-color has-medium-gray-background-color has-text-color has-background has-link-color wp-elements-3fb292fb7a7ca828727374793cf430f3\">&#8221;Haluan s\u00e4ilytt\u00e4\u00e4 pienet koulut, vaikka se tarkoittaisi nipist\u00e4mist\u00e4 isojen keskuskoulujen rahoituksesta.&#8221;<\/p>\n\n\n\n<p class=\"has-white-color has-text-color has-background has-link-color wp-elements-d6c22612d8cba2a1e9705bf4222497dd\" style=\"background-color:#0071a1\">T\u00e4m\u00e4 kysymys toistui eri muodoissaan. Lakkauttamisissa pit\u00e4\u00e4 olla varovainen kahdestakin syyst\u00e4: 1) Taloutta pit\u00e4\u00e4 k\u00e4sitell\u00e4 kokonaisuutena. Yht\u00e4\u00e4ll\u00e4 mahdollisesti syntyv\u00e4t s\u00e4\u00e4st\u00f6t helposti aiheuttavat kuluja toisaalla. 2) Kyl\u00e4yhteis\u00f6jen s\u00e4ilytt\u00e4minen elinvoimaisena. Muuttoliikkeen, verokertym\u00e4n, ja hallitun kasvunkin, kannalta on hyv\u00e4ksi, jos Vihtiin muuttamista harkitsevilla perheill\u00e4 on valinnanvaraa. Mutta jos oppilasm\u00e4\u00e4r\u00e4 v\u00e4\u00e4j\u00e4\u00e4m\u00e4tt\u00e4 v\u00e4henee, hankaloituu laadukkaan opetuksen yll\u00e4pito &#8211; t\u00e4ll\u00f6in lakkauttaminen on paitsi taloudenpidon, my\u00f6s perheiden ja koululaisenkin etu.<\/p>\n\n\n\n<p class=\"has-light-gray-color has-medium-gray-background-color has-text-color has-background\">&#8221;Mit\u00e4\u00e4n ei saa en\u00e4\u00e4 sanoa.&#8221;<\/p>\n\n\n\n<p class=\"has-light-gray-color has-text-color has-background\" style=\"background-color:#0071a1\">Mit\u00e4s tuohon sanot? Suomalaisia pit\u00e4\u00e4 kannustaa keskustelemaan. Kysymys todenn\u00e4k\u00f6isesti viittaa &#8221;Afrikan t\u00e4hti&#8221;-ilmi\u00f6\u00f6n: Liian usein luullaan, ett\u00e4 joku voisi jostain loukkaantua, vaikkei oikeasti kukaan loukkaantuisikaan. Ei ainakaan Afrikan t\u00e4hti -pelist\u00e4 joka on mukava ja hauska kaikenik\u00e4isille!<\/p>\n\n\n\n<p class=\"has-light-gray-color has-medium-gray-background-color has-text-color has-background\">&#8221;V\u00e4kivaltaa kouluissa ehk\u00e4ist\u00e4\u00e4n parhaiten lis\u00e4\u00e4m\u00e4ll\u00e4 kuria ja j\u00e4rjestyst\u00e4.&#8221;<\/p>\n\n\n\n<p class=\"has-light-gray-color has-text-color has-background\" style=\"background-color:#0071a1\">Koulun kurinpitokeinot ovat sangen rajalliset, ja j\u00e4lki-istunto vain lis\u00e4\u00e4 katu-uskottavuutta. Er\u00e4s rehtoriyst\u00e4v\u00e4ni kertoi tapauksesta, jossa pojat polttivat tupakkaa koulun p\u00e4\u00e4ovella j\u00e4lki-istuntorangaistusta odottaen. Kysymys muutoin oli sik\u00e4li ansiokas, ett\u00e4 se kutsui v\u00e4kivaltaa v\u00e4kivallaksi, eik\u00e4 &#8211; kuten usein &#8211; &#8221;koulukiusaamiseksi&#8221;. V\u00e4kivallassa on kyse rikoksesta, ja sellaisena pit\u00e4\u00e4 siihen puuttua. Asioihin liittyy toisinaan my\u00f6s muita poliisille kuuluvia rikoksia, kuten p\u00e4ihteit\u00e4.<\/p>\n\n\n\n<p class=\"has-white-color has-medium-gray-background-color has-text-color has-background has-link-color wp-elements-e07808e9874cef15ff8742a7aebe41f8\">&#8221;Maahanmuuttajataustaisten oppilaiden t\u00e4ytyy saada riitt\u00e4v\u00e4sti valmistavaa opetusta, vaikka siit\u00e4 aiheutuisi kunnalle lis\u00e4kustannuksia.&#8221;<\/p>\n\n\n\n<p class=\"has-white-color has-text-color has-background has-link-color wp-elements-8f6af0fda1a992b852c377ef11d13861\" style=\"background-color:#0071a1\">My\u00f6s maahanmuuttokysymykset toistuivat. T\u00e4ss\u00e4 oli esimerkki hyv\u00e4st\u00e4 kysymyksest\u00e4. Monissa muissa vaalikoneissa kysymys oli aseteltu siten, ett\u00e4 maahanmuutto ja pakolaisten vastaanottaminen olisivat arvoja itsess\u00e4\u00e4n (toimittajille n\u00e4in saattaa ollakin). Mutta EI: maahanmuuttoa pit\u00e4\u00e4 harjoittaa vain sen verran kuin kyet\u00e4\u00e4n kotouttamaan. Muuten ollaan tilanteessa, jota er\u00e4s keskiasteen opettaja kuvasi Helsingin Sanomissa t\u00e4n\u00e4\u00e4n 17.3.: Edes kaikki kolmannen polven maahanmuuttajat (!) eiv\u00e4t osaa suomea sen vertaa ett\u00e4 kykenisiv\u00e4t ottamaan opetusta vastaan. Suomeen saapuivat siis <strong><em>isovanhemmat<\/em><\/strong>&#8230; miss\u00e4 yhteis\u00f6ss\u00e4 vanhemmat ja n\u00e4m\u00e4 lapset sitten ovat el\u00e4neet jolleiv\u00e4t ole kotimaisia kieli\u00e4 oppinet, kysynp\u00e4 vain. <\/p>\n\n\n\n<p class=\"has-white-color has-text-color has-background has-link-color wp-elements-b68cb9c25834cdcc67814b16e0b33075\" style=\"background-color:#0071a1\">T\u00e4h\u00e4n lis\u00e4\u00e4n sen verran, ett\u00e4 juurikin kotouttamisen t\u00e4hden maahanmuuttoa ja pakolaisia on helpompi ottaa niist\u00e4 maista, joiden arvomaailma ja kulttuuri ovat omaamme l\u00e4hell\u00e4. Valitettavasti Ukrainan kriisi ei ole viel\u00e4k\u00e4\u00e4n ratkennut, eik\u00e4 n\u00e4k\u00f6piiriss\u00e4 ole, miten siin\u00e4 lopulta k\u00e4y.<\/p>\n\n\n\n<p class=\"has-light-gray-color has-medium-gray-background-color has-text-color has-background\">&#8221;L\u00e4hiluonnon suojelun on oltava t\u00e4rkein kuntani kaavoitusta ohjaava tekij\u00e4.&#8221;<\/p>\n\n\n\n<p class=\"has-light-gray-color has-text-color has-background\" style=\"background-color:#0071a1\">Luonto on Vihdin keskeinen kilpailutekij\u00e4, kun uusia asukkaita ja kunnan kasvua tavoitellaan. Luonto tarjoaa kuntalaisille my\u00f6s ilmaisia virkistymismahdollisuuksia. Liikaa suojelemalla kehitys kuitenkin pys\u00e4htyy, mist\u00e4 syyst\u00e4 <strong>kaavoituksen laatuun t\u00e4ytyy panostaa<\/strong>. Esimerkki hyv\u00e4st\u00e4 kaavoituksesta on Espoon Tapiola, sellaisena kuin se 1950-luvulla suunniteltiin. Jotain samankaltaista voisi Vihtiinkin suunnitella, kun L\u00e4nsiradan aikataulu tarkentuu.<em> (Kirkonkyl\u00e4ll\u00e4 my\u00f6skin n\u00e4kyy hienosti, miten kaavoitus on tehty huolellisesti, erityisesti sen n\u00e4kee V\u00e4\u00e4kil\u00e4ss\u00e4. Eli osataan sit\u00e4 meill\u00e4kin!) <\/em><\/p>\n\n\n\n<p class=\"has-white-color has-medium-gray-background-color has-text-color has-background has-link-color wp-elements-34c04b80ac2259e3b318913062ba0ff1\">&#8221;Kunnan tulee edist\u00e4\u00e4 yksityisautoilun sujumista alueellaan.&#8221;<\/p>\n\n\n\n<p class=\"has-white-color has-text-color has-background has-link-color wp-elements-1a00b0e92ae651f3166d400e18760bea\" style=\"background-color:#0071a1\">T\u00e4m\u00e4 menee samaan sarjaan kuin kysymys bensan hinnasta tai nastarenkaista. Yksityisautoilua tarvitaan, koska joukkoliikenne ei harvaan asutulla alueella ole edes ekologisesti kannattavaa. <span style=\"text-decoration: underline;\">Sujuva liikkuminen on lis\u00e4ksi turvallista, ja siten my\u00f6s jalankulkijoiden ja kevyen liikenteen, jopa lasten etu<\/span><strong>.<\/strong> Harvaan asutuille alueille selvitt\u00e4isin, mit\u00e4 mahdollisuuksia Vihdiss\u00e4 olisi esimerkiksi kutsukyytien ja kimppataksipalveluiden kehitt\u00e4miseen. Ne auttaisivat erityisesti ik\u00e4\u00e4ntyv\u00e4\u00e4 v\u00e4est\u00f6\u00e4 kustannustehokkaasti, jopa ovelta-ovelle palvellen. N\u00e4m\u00e4 palvelut helpottuisivat samoilla liikennej\u00e4rjestelyill\u00e4 kuin kysymyksess\u00e4 mainittu yksityisautoilukin. <em>(P.S. Kunnassamme saa ajaa nastarenkailla jatkossakin. Bensan hinta ei ole relevantti v\u00e4h\u00e4nk\u00e4\u00e4n pidemm\u00e4ll\u00e4 aikav\u00e4lill\u00e4, koska hybrideihin ja s\u00e4hk\u00f6\u00f6n kuitenkin siirryt\u00e4\u00e4n. Samasta syyst\u00e4 yksityisautoilu lakkaa olemasta ymp\u00e4rist\u00f6ongelma.)<\/em><\/p>\n\n\n\n<p class=\"has-light-gray-color has-medium-gray-background-color has-text-color has-background\">&#8221;Kuntani pit\u00e4isi ostaa enemm\u00e4n palveluja yksityiselt\u00e4 sektorilta.&#8221;<\/p>\n\n\n\n<p class=\"has-light-gray-color has-text-color has-background\" style=\"background-color:#0071a1\">Varsinainen Kokoomus-kysymys t\u00e4m\u00e4. Ei ole itseisarvo se, tuottaako palvelun yksityinen vai julkinen sektori, kunhan palvelun laatu ja hinta kohtaavat. Pienet toimijat pystyv\u00e4t useimmiten tuottamaan palveluja laadukkaasti ja kustannustehokkaasti: <strong>Runsas joukko <span style=\"text-decoration: underline;\">pieni\u00e4 toimijoita<\/span> takaa markkinoiden toimivuuden<\/strong>, mik\u00e4 on arvo sin\u00e4ns\u00e4. Harvalukuinen m\u00e4\u00e4r\u00e4 suuria toimijoita (mukaan lukien julkinen sektori) sen sijaan asettaa ennen pitk\u00e4\u00e4 hinta- ja laatutason mieleiseksens\u00e4, eik\u00e4 se ole kenenk\u00e4\u00e4n etu. Paikallisten monopolien syntyminen pit\u00e4\u00e4 est\u00e4\u00e4, vaikka hetken hy\u00f6ty\u00e4 tarjottaisiinkin.<\/p>\n\n\n\n<p class=\"has-light-gray-color has-medium-gray-background-color has-text-color has-background\">&#8221;Poliitikkojen on asetettava Suomen ja suomalaisten etu kaiken muun edelle.&#8221;<\/p>\n\n\n\n<p class=\"has-light-gray-color has-text-color has-background\" style=\"background-color:#0071a1\">Suomessa on edustuksellinen demokratia. Eduskunnassa voidaan puhua Suomesta ja suomalaisista, kunnan luottamusteht\u00e4viss\u00e4 <strong>Vihdist\u00e4 ja vihtil\u00e4isist\u00e4<\/strong>. Kenen muun etua poliittiset p\u00e4\u00e4t\u00f6ksentekij\u00e4t sitten ajaisivat? Poliitikkojen pit\u00e4\u00e4 tarkastella etujamme laajalti ja pitk\u00e4ll\u00e4 aikaj\u00e4nteell\u00e4, niin pitk\u00e4ll\u00e4 kuin vain n\u00e4hd\u00e4\u00e4n, ei vain t\u00e4ss\u00e4 ja nyt. Se on viisautta jota kaivataan.<\/p>\n\n\n\n<p class=\"has-light-gray-color has-medium-gray-background-color has-text-color has-background\">&#8221;Koulujen juhlissa on pidett\u00e4v\u00e4 yll\u00e4 kristillisi\u00e4 perinteit\u00e4.&#8221;<\/p>\n\n\n\n<p class=\"has-light-gray-color has-text-color has-background\" style=\"background-color:#0071a1\">Kristillinen arvomaailma on suomalaisen yhteiskunnan kivijalka, uskosta ja uskontosuunnasta riippumatta. Suvivirsi soikoon!<\/p>\n\n\n\n<p class=\"has-normal-font-size\"><a href=\"https:\/\/www.mtvuutiset.fi\/vaalikone\/101\/vaalipiiri\/308\/ehdokkaat\/12933\">Maikkarin &#8211; vanhan ty\u00f6nantajani &#8211; vaalikone<\/a><\/p>\n\n\n\n<p class=\"has-normal-font-size\"><a href=\"https:\/\/vaalit.yle.fi\/vaalikone\/kuntavaalit2025\/253\/ehdokkaat\/16317\">Ylen vaalikone &#8211; kuulin ty\u00f6matkallani ett\u00e4 se on avattu! Puuttui kuva ja puuttui video.<\/a><\/p>\n\n\n\n<p class=\"has-normal-font-size\"><a href=\"https:\/\/www.ksml.fi\/vaalikone\/#\/101\/kotikunta\/927\/ehdokkaat\/14625\">Paikallislehtien vaalikone (Keskisuomalainen)<\/a><\/p>\n\n\n\n<p><\/p>\n","protected":false},"excerpt":{"rendered":"<p>Vastaaminen ei ole aina helppoa.  &hellip; <a href=\"http:\/\/www.villeollikainen.fi\/index.php\/2025\/03\/18\/ovelia-kysymyksia\/\" class=\"more-link\"><span class=\"readmore\">Lue lis\u00e4\u00e4&#8230;<span class=\"screen-reader-text\">Ovelia kysymyksi\u00e4<\/span><\/span><\/a><\/p>\n","protected":false},"author":1,"featured_media":204,"comment_status":"open","ping_status":"open","sticky":false,"template":"","format":"standard","meta":{"footnotes":""},"categories":[11],"tags":[9,6,8,10,7],"class_list":["post-201","post","type-post","status-publish","format-standard","has-post-thumbnail","hentry","category-ajatuksia","tag-kuntavaalit","tag-vaalikone","tag-vaalit","tag-vihti","tag-ville-ollikainen"],"_links":{"self":[{"href":"http:\/\/www.villeollikainen.fi\/index.php\/wp-json\/wp\/v2\/posts\/201","targetHints":{"allow":["GET"]}}],"collection":[{"href":"http:\/\/www.villeollikainen.fi\/index.php\/wp-json\/wp\/v2\/posts"}],"about":[{"href":"http:\/\/www.villeollikainen.fi\/index.php\/wp-json\/wp\/v2\/types\/post"}],"author":[{"embeddable":true,"href":"http:\/\/www.villeollikainen.fi\/index.php\/wp-json\/wp\/v2\/users\/1"}],"replies":[{"embeddable":true,"href":"http:\/\/www.villeollikainen.fi\/index.php\/wp-json\/wp\/v2\/comments?post=201"}],"version-history":[{"count":32,"href":"http:\/\/www.villeollikainen.fi\/index.php\/wp-json\/wp\/v2\/posts\/201\/revisions"}],"predecessor-version":[{"id":553,"href":"http:\/\/www.villeollikainen.fi\/index.php\/wp-json\/wp\/v2\/posts\/201\/revisions\/553"}],"wp:featuredmedia":[{"embeddable":true,"href":"http:\/\/www.villeollikainen.fi\/index.php\/wp-json\/wp\/v2\/media\/204"}],"wp:attachment":[{"href":"http:\/\/www.villeollikainen.fi\/index.php\/wp-json\/wp\/v2\/media?parent=201"}],"wp:term":[{"taxonomy":"category","embeddable":true,"href":"http:\/\/www.villeollikainen.fi\/index.php\/wp-json\/wp\/v2\/categories?post=201"},{"taxonomy":"post_tag","embeddable":true,"href":"http:\/\/www.villeollikainen.fi\/index.php\/wp-json\/wp\/v2\/tags?post=201"}],"curies":[{"name":"wp","href":"https:\/\/api.w.org\/{rel}","templated":true}]}}