{"id":1,"date":"2025-03-14T23:03:00","date_gmt":"2025-03-14T20:03:00","guid":{"rendered":"http:\/\/www.villeollikainen.fi\/?p=1"},"modified":"2025-03-26T23:53:17","modified_gmt":"2025-03-26T20:53:17","slug":"lapsuus-abi","status":"publish","type":"post","link":"http:\/\/www.villeollikainen.fi\/index.php\/2025\/03\/14\/lapsuus-abi\/","title":{"rendered":"Taustojani: Lapsesta abiturientiksi"},"content":{"rendered":"\n<p class=\"has-light-gray-color has-text-color has-background\" style=\"background-color:#004968\">Synnyin Espoossa maaliskuussa 1964. Tai tarkemmin ottaen Naistenklinikalla, Helsingiss\u00e4, mutta passissa lukee &#8221;Espoo&#8221;. Vanhempani olivat muutamaa vuotta aiemmin muuttaneet upouuteen asuntoon Tapiolaan, Oravannahkatorin l\u00e4helle. Weilin&amp;G\u00f6\u00f6sin kirjapaino (nykyinen Espoon modernin taiteen museo EMMA) sijaitsi aivan taloyhti\u00f6mme takana, ja m\u00e4ke\u00e4 yl\u00f6s kavuten p\u00e4\u00e4si ihailemaan arkkitehti Revellin suunnittelemia taskumattitaloja ihan vierest\u00e4. Neh\u00e4n ovat viel\u00e4kin Tapiolan symboli. Hienoja!<\/p>\n\n\n\n<p class=\"has-light-gray-color has-text-color has-background\" style=\"background-color:#004968\">Taloyhti\u00f6ss\u00e4 asui nuoria perheit\u00e4, niinp\u00e4 lapsiakin oli paljon. Taloyhti\u00f6ss\u00e4 asui mit\u00e4 erilaisinta v\u00e4ke\u00e4, poliisista oopperalaulajaan, Yleisradion mastoasentajasta (tosi j\u00e4nn\u00e4 ty\u00f6, ainakin meist\u00e4 pojista) johtajaan, rakennusmestarista el\u00e4kel\u00e4isiin. Ja asunnot my\u00f6s: yksi\u00f6st\u00e4 aina hienoihin nelj\u00e4n huoneen lukaaleihin. Se oli Tapiolan tyyli silloin: eri yhteiskuntaluokkia sekaisin. Vieress\u00e4 oli rivitaloja monella puolen, ja naapurikerrostaloyhti\u00f6t\u00e4 kutsuttiin W\u00e4rtsil\u00e4n taloksi &#8211; lieneek\u00f6 siell\u00e4 asunut runsaasti W\u00e4rtsil\u00e4n v\u00e4ke\u00e4, mene ja tied\u00e4. Meille lapsille se oli sama, mik\u00e4 kunkin vanhempien ammatti oli: toistemme luona vuoron per\u00e4\u00e4n leikittiin, ja kaipa vanhemmatkin tulivat jotenkin toimeen kesken\u00e4\u00e4n.<\/p>\n\n\n\n<p class=\"has-light-gray-color has-text-color has-background\" style=\"background-color:#004968\">Asuntomme oli kuitenkin pieni, joten vanhempani alkoivat rakentaa omakotitaloa Nummelaan vuonna 1969. H\u00e4m\u00e4r\u00e4sti muistan viel\u00e4 puisen kaupparakennush\u00f6kkelin, joka sijaitsi nykyisen pisteell\u00e4 olevan K-Supermarketin vieress\u00e4, ja joka kaiketi oli aikoinaan taajaman alku &#8211; &#8221;Vanha-Nummela&#8221;. Puutavaraa rakennusty\u00f6maalle haettiin nykyisen Lohjantien ja Juhanintien kulmasta, jossa toimi saha. Muutto Nummelaan tuli syksyll\u00e4 1970, ja koulun aloitin seuraavana syksyn\u00e4 Nummelan kansakoulussa, eli nykyisess\u00e4 Nummelan koulussa. Kuuluin ensimm\u00e4iseen ik\u00e4luokkaan, jonka ei tarvinnut k\u00e4yd\u00e4 lauantaisin koulua, ja toisaalta viimeiseen ik\u00e4luokkaan, joka k\u00e4vi koulunsa keskikoulun oppim\u00e4\u00e4r\u00e4ll\u00e4, juuri ennen peruskoulua. Hyv\u00e4 ajoitus.<\/p>\n\n\n\n<p class=\"has-light-gray-color has-text-color has-background\" style=\"background-color:#004968\">Keskikouluahan Nummelassa ei tuohon aikaan ollut, joten nelj\u00e4n kansakouluvuoden j\u00e4lkeen koulu jatkui kirkonkyl\u00e4ll\u00e4 Vihdin yhteiskoulun tiloissa. Tuota reilun viidentoista kilometrin matkaa usein py\u00f6r\u00e4ilin, ja myin sitten yli j\u00e4\u00e4neit\u00e4 bussilippuja lukiolaisille (onneksi rikos on jo vanhentunut).<\/p>\n\n\n\n<p class=\"has-light-gray-color has-text-color has-background\" style=\"background-color:#004968\">Ehdin olla viel\u00e4 kaksi vuotta Nummelanharjun koulun upouusissa tiloissa, ennen siirtymist\u00e4 takaisin kirkonkyl\u00e4lle, lukioon. Tuon Nummelanharjun koulun k\u00e4ytt\u00f6ik\u00e4 oli valitettavan lyhyt, seh\u00e4n purettiin jo jokunen vuosi sitten. Jotain meni suunnittelussa ilmeisesti pieleen.<\/p>\n\n\n\n<p class=\"has-light-gray-color has-text-color has-background\" style=\"background-color:#004968\">Lukioaikana olin aktiivisesti seurakuntanuorten toiminnassa, ja niilt\u00e4 ajoilta on moni yst\u00e4v\u00e4ni edelleen. Seurakuntanuorissa toistui j\u00e4lleen sama kaava kuin varhaislapsuudessa: kovin erilaisista taustoista tultiin. Meill\u00e4 oli hyvi\u00e4 keskusteluja, jotka usein venyiv\u00e4t my\u00f6h\u00e4\u00e4n. Joidenkin tytt\u00f6jen vanhemmat eiv\u00e4t ottaneet uskoaksensa, ett\u00e4 &#8221;seurakuntanuorten&#8221; illanvietosta tultiin&#8230; kello kun k\u00e4vi aamukolmatta. :^)  Noissa keskusteluissa ehk\u00e4 hyvinkin konservatiivinen n\u00e4kemykseni maailman menosta py\u00f6ristyi, ja jatkoa oli luvassa opiskelujeni j\u00e4lkeen, kuten kohta kirjoitan. <\/p>\n\n\n\n<p class=\"has-light-gray-color has-text-color has-background\" style=\"background-color:#004968\">Muuten en voi sanoa olleeni kovin sosiaalinen &#8211; ehk\u00e4 pinkona jotkut pitiv\u00e4t, vaikken mielest\u00e4ni lukemiseen paljoa aikaa k\u00e4ytt\u00e4nyt. Kuudella laudaturilla oli kuitenkin hyv\u00e4 l\u00e4hte\u00e4 opintiet\u00e4 jatkamaan.<\/p>\n\n\n\n<p class=\"has-light-gray-color has-text-color has-background\" style=\"background-color:#004968\"><\/p>\n","protected":false},"excerpt":{"rendered":"<p>Synnyin Espoossa maaliskuussa 1964. Tai tarkemmin ottaen Naistenklinikalla, Helsingiss\u00e4, mutta passissa lukee &#8221;Espoo&#8221;. Vanhempani olivat muutamaa vuotta aiemmin muuttaneet upouuteen asuntoon Tapiolaan, Oravannahkatorin l\u00e4helle. Weilin&#038;G\u00f6\u00f6sin kirjapaino (nykyinen Espoon modernin taiteen museo EMMA) sijaitsi aivan taloyhti\u00f6mme takana, ja m\u00e4ke\u00e4 yl\u00f6s kavuten p\u00e4\u00e4si ihailemaan arkkitehti Revellin suunnittelemia taskumattitaloja ihan vierest\u00e4. Neh\u00e4n ovat viel\u00e4kin Tapiolan symboli. &hellip; <a href=\"http:\/\/www.villeollikainen.fi\/index.php\/2025\/03\/14\/lapsuus-abi\/\" class=\"more-link\"><span class=\"readmore\">Lue lis\u00e4\u00e4&#8230;<span class=\"screen-reader-text\">Taustojani: Lapsesta abiturientiksi<\/span><\/span><\/a><\/p>\n","protected":false},"author":1,"featured_media":94,"comment_status":"closed","ping_status":"closed","sticky":false,"template":"templates\/right-sidebar.php","format":"standard","meta":{"footnotes":""},"categories":[5],"tags":[],"class_list":["post-1","post","type-post","status-publish","format-standard","has-post-thumbnail","hentry","category-taustojani"],"_links":{"self":[{"href":"http:\/\/www.villeollikainen.fi\/index.php\/wp-json\/wp\/v2\/posts\/1","targetHints":{"allow":["GET"]}}],"collection":[{"href":"http:\/\/www.villeollikainen.fi\/index.php\/wp-json\/wp\/v2\/posts"}],"about":[{"href":"http:\/\/www.villeollikainen.fi\/index.php\/wp-json\/wp\/v2\/types\/post"}],"author":[{"embeddable":true,"href":"http:\/\/www.villeollikainen.fi\/index.php\/wp-json\/wp\/v2\/users\/1"}],"replies":[{"embeddable":true,"href":"http:\/\/www.villeollikainen.fi\/index.php\/wp-json\/wp\/v2\/comments?post=1"}],"version-history":[{"count":23,"href":"http:\/\/www.villeollikainen.fi\/index.php\/wp-json\/wp\/v2\/posts\/1\/revisions"}],"predecessor-version":[{"id":504,"href":"http:\/\/www.villeollikainen.fi\/index.php\/wp-json\/wp\/v2\/posts\/1\/revisions\/504"}],"wp:featuredmedia":[{"embeddable":true,"href":"http:\/\/www.villeollikainen.fi\/index.php\/wp-json\/wp\/v2\/media\/94"}],"wp:attachment":[{"href":"http:\/\/www.villeollikainen.fi\/index.php\/wp-json\/wp\/v2\/media?parent=1"}],"wp:term":[{"taxonomy":"category","embeddable":true,"href":"http:\/\/www.villeollikainen.fi\/index.php\/wp-json\/wp\/v2\/categories?post=1"},{"taxonomy":"post_tag","embeddable":true,"href":"http:\/\/www.villeollikainen.fi\/index.php\/wp-json\/wp\/v2\/tags?post=1"}],"curies":[{"name":"wp","href":"https:\/\/api.w.org\/{rel}","templated":true}]}}